{"id":652,"date":"2013-11-20T21:53:56","date_gmt":"2013-11-20T20:53:56","guid":{"rendered":"http:\/\/localhost:8888\/arbrev4\/?p=652"},"modified":"2024-06-12T21:59:32","modified_gmt":"2024-06-12T20:59:32","slug":"recels","status":"publish","type":"post","link":"https:\/\/www.arbre-vengeur.fr\/?p=652","title":{"rendered":"Recels"},"content":{"rendered":"<p>\u00ab&nbsp;Qu\u2019un Livre germe et croisse organiquement, je continue de le croire mais, quoique obstin\u00e9ment diff\u00e9r\u00e9, le moment de me trahir est venu. Voici ma trahison, pour justification et pour t\u00e9moignage d\u2019une prodigue st\u00e9rilit\u00e9.&nbsp;\u00bb<\/p>\n<p>Alain-Paul Mallard aurait pu ne jamais se d\u00e9cider \u00e0 sortir de son coffre les \u00e9crits qu\u2019il y cachait, restant pour quelques personnes \u00e9clair\u00e9es l\u2019auteur d\u2019un livre fantastique. Le temps du recel est n\u00e9anmoins fini. R\u00e9solu \u00e0 tenter le diable, il a choisi de s\u2019y mesurer en livrant \u00e0 la lumi\u00e8re ces pages o\u00f9 le fictionnel vient t\u00e9lescoper le r\u00e9el et le th\u00e9orique affronter le po\u00e9tique.<\/p>\n<p>Avouant qu\u2019il a \u00ab&nbsp;beaucoup menti pour chercher la v\u00e9rit\u00e9&nbsp;\u00bb, confiant dans \u00ab&nbsp;le pouvoir subversif de la m\u00e9chancet\u00e9&nbsp;\u00bb, il signe avec ce livre composite et d\u2019une fulgurante intelligence un forfait qui le place d\u00e9sormais au tout premier rang des \u00e9crivains mexicains de son temps.<\/p>\n","protected":false},"excerpt":{"rendered":"<p>\u00ab&nbsp;Qu\u2019un Livre germe et croisse organiquement, je continue de le croire mais, quoique obstin\u00e9ment diff\u00e9r\u00e9, le moment de me trahir est venu. Voici ma trahison, pour justification et pour t\u00e9moignage d\u2019une prodigue st\u00e9rilit\u00e9.&nbsp;\u00bb Alain-Paul Mallard aurait pu ne jamais se d\u00e9cider \u00e0 sortir de son coffre les \u00e9crits qu\u2019il y cachait, restant pour quelques personnes [&hellip;]<\/p>\n","protected":false},"author":5,"featured_media":653,"comment_status":"closed","ping_status":"closed","sticky":false,"template":"","format":"standard","meta":{"footnotes":""},"categories":[656,6,4],"tags":[],"class_list":["post-652","post","type-post","status-publish","format-standard","has-post-thumbnail","hentry","category-braderie","category-foret-invisible","category-livres-parus"],"_links":{"self":[{"href":"https:\/\/www.arbre-vengeur.fr\/index.php?rest_route=\/wp\/v2\/posts\/652","targetHints":{"allow":["GET"]}}],"collection":[{"href":"https:\/\/www.arbre-vengeur.fr\/index.php?rest_route=\/wp\/v2\/posts"}],"about":[{"href":"https:\/\/www.arbre-vengeur.fr\/index.php?rest_route=\/wp\/v2\/types\/post"}],"author":[{"embeddable":true,"href":"https:\/\/www.arbre-vengeur.fr\/index.php?rest_route=\/wp\/v2\/users\/5"}],"replies":[{"embeddable":true,"href":"https:\/\/www.arbre-vengeur.fr\/index.php?rest_route=%2Fwp%2Fv2%2Fcomments&post=652"}],"version-history":[{"count":2,"href":"https:\/\/www.arbre-vengeur.fr\/index.php?rest_route=\/wp\/v2\/posts\/652\/revisions"}],"predecessor-version":[{"id":8919,"href":"https:\/\/www.arbre-vengeur.fr\/index.php?rest_route=\/wp\/v2\/posts\/652\/revisions\/8919"}],"wp:featuredmedia":[{"embeddable":true,"href":"https:\/\/www.arbre-vengeur.fr\/index.php?rest_route=\/wp\/v2\/media\/653"}],"wp:attachment":[{"href":"https:\/\/www.arbre-vengeur.fr\/index.php?rest_route=%2Fwp%2Fv2%2Fmedia&parent=652"}],"wp:term":[{"taxonomy":"category","embeddable":true,"href":"https:\/\/www.arbre-vengeur.fr\/index.php?rest_route=%2Fwp%2Fv2%2Fcategories&post=652"},{"taxonomy":"post_tag","embeddable":true,"href":"https:\/\/www.arbre-vengeur.fr\/index.php?rest_route=%2Fwp%2Fv2%2Ftags&post=652"}],"curies":[{"name":"wp","href":"https:\/\/api.w.org\/{rel}","templated":true}]}}