{"id":8014,"date":"2021-10-27T11:10:00","date_gmt":"2021-10-27T10:10:00","guid":{"rendered":"https:\/\/www.arbre-vengeur.fr\/?p=8014"},"modified":"2021-10-27T11:10:02","modified_gmt":"2021-10-27T10:10:02","slug":"limoges-nous-voici","status":"publish","type":"post","link":"https:\/\/www.arbre-vengeur.fr\/?p=8014","title":{"rendered":"Limoges, nous voici !"},"content":{"rendered":"\n<p>L&#8217;Arbre vengeur \u00e0 Limoges ? Longtemps que nous en r\u00eavions ! \u00c0 l&#8217;invitation d&#8217;Aur\u00e9lie Janssens et S\u00e9bastien Lavy son patron, nous serons les invit\u00e9s de la fameuse librairie <strong>Page et Plume<\/strong> le <strong>vendredi 29 octobre <\/strong>prochain \u00e0 19h, autour de deux sujets qui nous sont chers : l&#8217;anticipation dans le cadre du <a href=\"https:\/\/www.facebook.com\/Moisimaginaire\/?__cft__[0]=AZWp6pOOOQwaH3GS16Fu3SFBStAs2e0LzXZ1-8jekxlEA-oPRe1UV7wB81gSsnpLJkNqacoxtWHfg4e0sReNrwzowJC144HyLqq994js7eHeKdymLlyuH0ZQWIozHlWMHcWHQMb5BCcDYhWw61_2HSJUqsiRYUmAVb3ddpFM1bQ18sdxfmycJ5d0huU4s1_ER7s&amp;__tn__=kK-R\">Mois de l&#8217;imaginaire<\/a> \u00e0 l&#8217;occasion de la parution de l&#8217;anthologie de <a href=\"https:\/\/www.arbre-vengeur.fr\/?p=7513\" data-type=\"post\" data-id=\"7513\">Serge Lehman<\/a>, <strong><em><a href=\"https:\/\/www.arbre-vengeur.fr\/?p=7797\" data-type=\"post\" data-id=\"7797\">Ma\u00eetres du vertige<\/a><\/em><\/strong>, et la boxe, pour c\u00e9l\u00e9brer la sortie de <strong><em><a href=\"https:\/\/www.arbre-vengeur.fr\/?p=7123\" data-type=\"post\" data-id=\"7123\">Quinze rounds<\/a><\/em><\/strong> dont un Limougeaud, <strong>Thomas Bauer<\/strong>, a assur\u00e9 la pr\u00e9face, sp\u00e9cialiste qu&#8217;il est d&#8217;<strong><a href=\"https:\/\/www.arbre-vengeur.fr\/?p=7124\" data-type=\"post\" data-id=\"7124\">Henri Decoin<\/a><\/strong> auquel il a consacr\u00e9 un ouvrage. Un rendez-vous amical en Limousin dont nous nous r\u00e9jouissons !<\/p>\n","protected":false},"excerpt":{"rendered":"<p>L&#8217;Arbre vengeur \u00e0 Limoges ? Longtemps que nous en r\u00eavions ! \u00c0 l&#8217;invitation d&#8217;Aur\u00e9lie Janssens et S\u00e9bastien Lavy son patron, nous serons les invit\u00e9s de la fameuse librairie Page et Plume le vendredi 29 octobre prochain \u00e0 19h, autour de deux sujets qui nous sont chers : l&#8217;anticipation dans le cadre du Mois de l&#8217;imaginaire [&hellip;]<\/p>\n","protected":false},"author":2,"featured_media":8015,"comment_status":"closed","ping_status":"closed","sticky":false,"template":"","format":"standard","meta":{"footnotes":""},"categories":[9],"tags":[],"class_list":["post-8014","post","type-post","status-publish","format-standard","has-post-thumbnail","hentry","category-actu"],"_links":{"self":[{"href":"https:\/\/www.arbre-vengeur.fr\/index.php?rest_route=\/wp\/v2\/posts\/8014","targetHints":{"allow":["GET"]}}],"collection":[{"href":"https:\/\/www.arbre-vengeur.fr\/index.php?rest_route=\/wp\/v2\/posts"}],"about":[{"href":"https:\/\/www.arbre-vengeur.fr\/index.php?rest_route=\/wp\/v2\/types\/post"}],"author":[{"embeddable":true,"href":"https:\/\/www.arbre-vengeur.fr\/index.php?rest_route=\/wp\/v2\/users\/2"}],"replies":[{"embeddable":true,"href":"https:\/\/www.arbre-vengeur.fr\/index.php?rest_route=%2Fwp%2Fv2%2Fcomments&post=8014"}],"version-history":[{"count":1,"href":"https:\/\/www.arbre-vengeur.fr\/index.php?rest_route=\/wp\/v2\/posts\/8014\/revisions"}],"predecessor-version":[{"id":8016,"href":"https:\/\/www.arbre-vengeur.fr\/index.php?rest_route=\/wp\/v2\/posts\/8014\/revisions\/8016"}],"wp:featuredmedia":[{"embeddable":true,"href":"https:\/\/www.arbre-vengeur.fr\/index.php?rest_route=\/wp\/v2\/media\/8015"}],"wp:attachment":[{"href":"https:\/\/www.arbre-vengeur.fr\/index.php?rest_route=%2Fwp%2Fv2%2Fmedia&parent=8014"}],"wp:term":[{"taxonomy":"category","embeddable":true,"href":"https:\/\/www.arbre-vengeur.fr\/index.php?rest_route=%2Fwp%2Fv2%2Fcategories&post=8014"},{"taxonomy":"post_tag","embeddable":true,"href":"https:\/\/www.arbre-vengeur.fr\/index.php?rest_route=%2Fwp%2Fv2%2Ftags&post=8014"}],"curies":[{"name":"wp","href":"https:\/\/api.w.org\/{rel}","templated":true}]}}