{"id":8383,"date":"2022-01-25T19:40:42","date_gmt":"2022-01-25T18:40:42","guid":{"rendered":"https:\/\/www.arbre-vengeur.fr\/?p=8383"},"modified":"2022-01-25T19:40:43","modified_gmt":"2022-01-25T18:40:43","slug":"ah-la-grande-vie","status":"publish","type":"post","link":"https:\/\/www.arbre-vengeur.fr\/?p=8383","title":{"rendered":"Ah la grande vie&#8230;"},"content":{"rendered":"\n<p>Sacha Distel chantait &#8220;La Belle vie&#8221;, nous, nous re-r\u00e9\u00e9ditons <strong>La Grande vie<\/strong>, le tout petit livre culte de <strong><a href=\"https:\/\/www.arbre-vengeur.fr\/?p=1438\" data-type=\"post\" data-id=\"1438\">Jean-Pierre Martinet<\/a><\/strong>, un texte qui aurait plut\u00f4t tendance \u00e0 grincer et a r\u00e9ussi, en son temps, \u00e0 imposer son humour et le retour de cet \u00e9crivain oubli\u00e9, d\u00e9sormais r\u00e9v\u00e9r\u00e9 pour <em>J\u00e9r\u00f4me<\/em>. Il inaugurera une micro-collection &#8220;L&#8217;Ivre de caisse&#8221;, nom trouv\u00e9 lors d&#8217;un d\u00e9placement (pas) trop arros\u00e9 chez notre diffuseur arl\u00e9sien et hommage \u00e0 ces fameux petits livres qu&#8217;on trouve \u00e0 quelques centim\u00e8tres des caisses, comme s&#8217;il s&#8217;agissait de friandises pour enfants. L\u00e0, ce sera du bonbon acide. Et une nouvelle occasion de d\u00e9couvrir ce texte avec vue sur le cimeti\u00e8re Montparnasse&#8230; Et pour accompagner cette parution de mai, nous aurons aussi un petit <strong><a href=\"https:\/\/www.arbre-vengeur.fr\/?p=7129\" data-type=\"post\" data-id=\"7129\">Franz Bartelt<\/a><\/strong> dont nous vous recauserons. Hips !(avec un dessin de couverture sign\u00e9 Jean-Fran\u00e7ois Martin)<\/p>\n","protected":false},"excerpt":{"rendered":"<p>Sacha Distel chantait &#8220;La Belle vie&#8221;, nous, nous re-r\u00e9\u00e9ditons La Grande vie, le tout petit livre culte de Jean-Pierre Martinet, un texte qui aurait plut\u00f4t tendance \u00e0 grincer et a r\u00e9ussi, en son temps, \u00e0 imposer son humour et le retour de cet \u00e9crivain oubli\u00e9, d\u00e9sormais r\u00e9v\u00e9r\u00e9 pour J\u00e9r\u00f4me. Il inaugurera une micro-collection &#8220;L&#8217;Ivre de [&hellip;]<\/p>\n","protected":false},"author":2,"featured_media":8384,"comment_status":"closed","ping_status":"closed","sticky":false,"template":"","format":"standard","meta":{"footnotes":""},"categories":[9],"tags":[],"class_list":["post-8383","post","type-post","status-publish","format-standard","has-post-thumbnail","hentry","category-actu"],"_links":{"self":[{"href":"https:\/\/www.arbre-vengeur.fr\/index.php?rest_route=\/wp\/v2\/posts\/8383","targetHints":{"allow":["GET"]}}],"collection":[{"href":"https:\/\/www.arbre-vengeur.fr\/index.php?rest_route=\/wp\/v2\/posts"}],"about":[{"href":"https:\/\/www.arbre-vengeur.fr\/index.php?rest_route=\/wp\/v2\/types\/post"}],"author":[{"embeddable":true,"href":"https:\/\/www.arbre-vengeur.fr\/index.php?rest_route=\/wp\/v2\/users\/2"}],"replies":[{"embeddable":true,"href":"https:\/\/www.arbre-vengeur.fr\/index.php?rest_route=%2Fwp%2Fv2%2Fcomments&post=8383"}],"version-history":[{"count":1,"href":"https:\/\/www.arbre-vengeur.fr\/index.php?rest_route=\/wp\/v2\/posts\/8383\/revisions"}],"predecessor-version":[{"id":8385,"href":"https:\/\/www.arbre-vengeur.fr\/index.php?rest_route=\/wp\/v2\/posts\/8383\/revisions\/8385"}],"wp:featuredmedia":[{"embeddable":true,"href":"https:\/\/www.arbre-vengeur.fr\/index.php?rest_route=\/wp\/v2\/media\/8384"}],"wp:attachment":[{"href":"https:\/\/www.arbre-vengeur.fr\/index.php?rest_route=%2Fwp%2Fv2%2Fmedia&parent=8383"}],"wp:term":[{"taxonomy":"category","embeddable":true,"href":"https:\/\/www.arbre-vengeur.fr\/index.php?rest_route=%2Fwp%2Fv2%2Fcategories&post=8383"},{"taxonomy":"post_tag","embeddable":true,"href":"https:\/\/www.arbre-vengeur.fr\/index.php?rest_route=%2Fwp%2Fv2%2Ftags&post=8383"}],"curies":[{"name":"wp","href":"https:\/\/api.w.org\/{rel}","templated":true}]}}